{"id":5659,"date":"2022-02-19T10:00:53","date_gmt":"2022-02-19T09:00:53","guid":{"rendered":"https:\/\/www.forevhair.com\/it\/?p=5659"},"modified":"2023-02-03T21:41:27","modified_gmt":"2023-02-03T20:41:27","slug":"come-si-indossa-la-coda-di-cavallo","status":"publish","type":"post","link":"https:\/\/www.forevhair.com\/en\/blog\/come-si-indossa-la-coda-di-cavallo\/","title":{"rendered":"EXTENSION CODA DI CAVALLO: COME SI METTE?"},"content":{"rendered":"<p>La <a href=\"https:\/\/www.forevhair.com\/en\/shop\/coda-di-cavallo\/\">coda di cavallo di capelli veri<\/a> ad <a href=\"https:\/\/www.forevhair.com\/en\/\">extension<\/a> con il velcro, \u00e8 l&#8217;accessorio che tutte vorrebbero indossare!<\/p>\r\n<p>Dall&#8217;autunno all&#8217;estate, non c&#8217;\u00e8 stagione che tenga.. la <a href=\"https:\/\/www.forevhair.com\/en\/blog\/la-coda-di-cavallo-di-elodie-a-sanremo\/\">coda extension<\/a> \u00e8 la perfetta compagna di serate di tutti i tipi!<\/p>\r\n<p>&nbsp;<\/p>\r\n<p><img decoding=\"async\" class=\"wp-image-9342 size-medium alignleft\" src=\"https:\/\/www.forevhair.com\/wp-content\/uploads\/2018\/08\/coda-di-cavallo-prima-dopo-300x300.webp\" alt=\"coda extension prima dopo\" width=\"300\" height=\"300\" srcset=\"https:\/\/www.forevhair.com\/wp-content\/uploads\/2018\/08\/coda-di-cavallo-prima-dopo-300x300.webp 300w, https:\/\/www.forevhair.com\/wp-content\/uploads\/2018\/08\/coda-di-cavallo-prima-dopo-1024x1024.webp 1024w, https:\/\/www.forevhair.com\/wp-content\/uploads\/2018\/08\/coda-di-cavallo-prima-dopo-150x150.webp 150w, https:\/\/www.forevhair.com\/wp-content\/uploads\/2018\/08\/coda-di-cavallo-prima-dopo-768x768.webp 768w, https:\/\/www.forevhair.com\/wp-content\/uploads\/2018\/08\/coda-di-cavallo-prima-dopo-650x650.webp 650w, https:\/\/www.forevhair.com\/wp-content\/uploads\/2018\/08\/coda-di-cavallo-prima-dopo-100x100.webp 100w, https:\/\/www.forevhair.com\/wp-content\/uploads\/2018\/08\/coda-di-cavallo-prima-dopo-64x64.webp 64w, https:\/\/www.forevhair.com\/wp-content\/uploads\/2018\/08\/coda-di-cavallo-prima-dopo.webp 1080w\" sizes=\"(max-width: 300px) 100vw, 300px\" \/><\/p>\r\n<h3 class=\"wp-block-gallery columns-3 is-cropped\">LA <a href=\"https:\/\/www.garnier.it\/magazine\/tendenze-capelli\/coda-cavallo-3-segreti-per-farla-sembrare-corposa\">coda<\/a> E&#8217; DISPONIBILE IN TANTE COLORAZIONI<\/h3>\r\n<!-- \/wp:post-content -->\r\n\r\n<!-- wp:paragraph \/-->\r\n\r\n<!-- wp:paragraph -->\r\n<p>Ci troviamo spesso a rispondere a questa specifica domanda: come si indossa la coda di cavallo?<\/p>\r\n<!-- \/wp:paragraph -->\r\n\r\n<!-- wp:paragraph -->\r\n<p>Prima di tutto, si tratta di <a href=\"https:\/\/www.forevhair.com\/en\/\">extension capelli veri<\/a>, ha diversi shades e colori, quindi devi prima scegliere quello che ti si addice.<\/p>\r\n<!-- \/wp:paragraph -->\r\n\r\n<!-- wp:paragraph -->\r\n<p>La <a href=\"https:\/\/www.forevhair.com\/en\/it\/shop\/coda-di-cavallo\/\">coda di capelli <\/a>lisci \u00e8 composta da una <a href=\"https:\/\/www.forevhair.com\/en\/it\/blog\/extensioncapelli\/\">matassa di extension<\/a> da 100-120 grammi; nella parte posteriore si trova un piccolo toupet con un pettinino per tenere salda la coda, e una ciocca di capelli che verr\u00e0 arrotolata per creare l&#8217;effetto <a href=\"https:\/\/www.forevhair.com\/en\/it\/shop\/coda-di-cavallo\/\">ponytail.<\/a><\/p>\r\n<p>&nbsp;<\/p>\r\n<p><a href=\"https:\/\/www.forevhair.com\/en\/blog\/chiara-ferragni-con-extension-coda-di-cavallo\/\"><strong>Come si mette la coda?<\/strong><\/a><\/p>\r\n<p><iframe title=\"Coda di Cavallo ANTI CALDO \ud83e\udd75 Capelli Lunghi Anche D\u2019Estate\u2600\ufe0f\ud83d\udc95\" width=\"900\" height=\"506\" src=\"https:\/\/www.youtube.com\/embed\/w-aunhLoyTM?feature=oembed&#038;enablejsapi=1&#038;origin=https:\/\/www.forevhair.com\" frameborder=\"0\" allow=\"accelerometer; autoplay; clipboard-write; encrypted-media; gyroscope; picture-in-picture; web-share\" allowfullscreen><\/iframe><\/p>\r\n<p>&nbsp;<\/p>\r\n<!-- \/wp:paragraph -->\r\n\r\n<!-- wp:paragraph -->\r\n<p>Da oggi le CODE DI EXTENSIONS Forevhair sono disponibili in <strong>2 nuovi modelli<\/strong>:<\/p>\r\n<!-- \/wp:paragraph -->\r\n\r\n<!-- wp:list -->\r\n<ul>\r\n<li><a href=\"https:\/\/www.forevhair.com\/en\/it\/shop\/coda-riccia-2\/\">coda riccia<\/a> di capelli naturali<img decoding=\"async\" class=\"size-medium wp-image-11317 alignleft\" src=\"https:\/\/www.forevhair.com\/wp-content\/uploads\/2022\/09\/coda-riccia-boccoli-255x300.webp\" alt=\"\" width=\"255\" height=\"300\" srcset=\"https:\/\/www.forevhair.com\/wp-content\/uploads\/2022\/09\/coda-riccia-boccoli-255x300.webp 255w, https:\/\/www.forevhair.com\/wp-content\/uploads\/2022\/09\/coda-riccia-boccoli-650x764.webp 650w, https:\/\/www.forevhair.com\/wp-content\/uploads\/2022\/09\/coda-riccia-boccoli-300x353.webp 300w, https:\/\/www.forevhair.com\/wp-content\/uploads\/2022\/09\/coda-riccia-boccoli-64x75.webp 64w, https:\/\/www.forevhair.com\/wp-content\/uploads\/2022\/09\/coda-riccia-boccoli.webp 700w\" sizes=\"(max-width: 255px) 100vw, 255px\" \/><\/li>\r\n<li><a href=\"https:\/\/www.forevhair.com\/en\/it\/shop\/coda-afro-liscio\/\">coda afro liscia<\/a> (kinky straight) di capelli naturali<\/li>\r\n<\/ul>\r\n<p><img decoding=\"async\" class=\"size-medium wp-image-5877 alignnone\" src=\"https:\/\/www.forevhair.com\/wp-content\/uploads\/2020\/04\/coda-afro-straight-300x300.jpg\" alt=\"Ragazza che indossa extension coda di cavallo\" width=\"300\" height=\"300\" srcset=\"https:\/\/www.forevhair.com\/wp-content\/uploads\/2020\/04\/coda-afro-straight-300x300.jpg 300w, https:\/\/www.forevhair.com\/wp-content\/uploads\/2020\/04\/coda-afro-straight-1024x1024.jpg 1024w, https:\/\/www.forevhair.com\/wp-content\/uploads\/2020\/04\/coda-afro-straight-150x150.jpg 150w, https:\/\/www.forevhair.com\/wp-content\/uploads\/2020\/04\/coda-afro-straight-768x768.jpg 768w, https:\/\/www.forevhair.com\/wp-content\/uploads\/2020\/04\/coda-afro-straight-1536x1536.jpg 1536w, https:\/\/www.forevhair.com\/wp-content\/uploads\/2020\/04\/coda-afro-straight-2048x2048.jpg 2048w, https:\/\/www.forevhair.com\/wp-content\/uploads\/2020\/04\/coda-afro-straight-600x600.jpg 600w, https:\/\/www.forevhair.com\/wp-content\/uploads\/2020\/04\/coda-afro-straight-100x100.jpg 100w\" sizes=\"(max-width: 300px) 100vw, 300px\" \/><\/p>\r\n<ul>\r\n<li><a href=\"https:\/\/www.forevhair.com\/en\/shop\/coda-di-cavallo-balayage\/\">coda balayage\u00a0<\/a><\/li>\r\n<\/ul>\r\n<!-- \/wp:list -->\r\n\r\n<!-- wp:image {\"align\":\"center\",\"id\":5858,\"sizeSlug\":\"medium\",\"className\":\"is-style-circle-mask\"} -->\r\n<div class=\"wp-block-image is-style-circle-mask\"><img decoding=\"async\" class=\"alignnone size-medium wp-image-11822\" src=\"https:\/\/www.forevhair.com\/wp-content\/uploads\/2020\/05\/coda-extension-capelli-1-235x300.webp\" alt=\"\" width=\"235\" height=\"300\" srcset=\"https:\/\/www.forevhair.com\/wp-content\/uploads\/2020\/05\/coda-extension-capelli-1-235x300.webp 235w, https:\/\/www.forevhair.com\/wp-content\/uploads\/2020\/05\/coda-extension-capelli-1-802x1024.webp 802w, https:\/\/www.forevhair.com\/wp-content\/uploads\/2020\/05\/coda-extension-capelli-1-768x981.webp 768w, https:\/\/www.forevhair.com\/wp-content\/uploads\/2020\/05\/coda-extension-capelli-1-1203x1536.webp 1203w, https:\/\/www.forevhair.com\/wp-content\/uploads\/2020\/05\/coda-extension-capelli-1-1604x2048.webp 1604w, https:\/\/www.forevhair.com\/wp-content\/uploads\/2020\/05\/coda-extension-capelli-1-650x830.webp 650w, https:\/\/www.forevhair.com\/wp-content\/uploads\/2020\/05\/coda-extension-capelli-1-300x383.webp 300w, https:\/\/www.forevhair.com\/wp-content\/uploads\/2020\/05\/coda-extension-capelli-1-64x82.webp 64w, https:\/\/www.forevhair.com\/wp-content\/uploads\/2020\/05\/coda-extension-capelli-1-scaled.webp 2005w\" sizes=\"(max-width: 235px) 100vw, 235px\" \/><\/div>","protected":false},"excerpt":{"rendered":"<p>La coda di cavallo di capelli veri ad extension con il velcro, \u00e8 l&#8217;accessorio che tutte vorrebbero indossare! Dall&#8217;autunno all&#8217;estate, non c&#8217;\u00e8 stagione che tenga.. la coda extension \u00e8 la perfetta compagna di serate di tutti i tipi! &nbsp; LA&#8230;<\/p>","protected":false},"author":1,"featured_media":8523,"comment_status":"open","ping_status":"open","sticky":true,"template":"","format":"standard","meta":{"_jetpack_newsletter_access":"","_jetpack_dont_email_post_to_subs":false,"_jetpack_newsletter_tier_id":0,"_jetpack_memberships_contains_paywalled_content":false,"_jetpack_feature_clip_id":0,"_jetpack_memberships_contains_paid_content":false,"_joinchat":[],"footnotes":"","jetpack_post_was_ever_published":false},"categories":[1],"tags":[],"class_list":["post-5659","post","type-post","status-publish","format-standard","has-post-thumbnail","hentry","category-blog"],"yoast_head":"<!-- This site is optimized with the Yoast SEO plugin v28.3 - https:\/\/yoast.com\/product\/yoast-seo-wordpress\/ -->\n<title>EXTENSION CODA DI CAVALLO: COME SI METTE? -<\/title>\n<meta name=\"description\" content=\"La coda di cavallo extension \u00e8 il trend, la vogliono tutte! Ti sei mai chiesta come si mette? Guarda subito il nostro tutorial\" \/>\n<meta name=\"robots\" content=\"index, follow, max-snippet:-1, max-image-preview:large, max-video-preview:-1\" \/>\n<link rel=\"canonical\" href=\"https:\/\/www.forevhair.com\/en\/blog\/come-si-indossa-la-coda-di-cavallo\/\" \/>\n<meta property=\"og:locale\" content=\"en_GB\" \/>\n<meta property=\"og:type\" content=\"article\" \/>\n<meta property=\"og:title\" content=\"EXTENSION CODA DI CAVALLO: COME SI METTE? -\" \/>\n<meta property=\"og:description\" content=\"La coda di cavallo extension \u00e8 il trend, la vogliono tutte! Ti sei mai chiesta come si mette? Guarda subito il nostro tutorial\" \/>\n<meta property=\"og:url\" content=\"https:\/\/www.forevhair.com\/en\/blog\/come-si-indossa-la-coda-di-cavallo\/\" \/>\n<meta property=\"og:site_name\" content=\"Forevhair | Extension Capelli Veri\" \/>\n<meta property=\"article:publisher\" content=\"https:\/\/www.facebook.com\/forevhair\/\" \/>\n<meta property=\"article:author\" content=\"https:\/\/www.facebook.com\/forevhair\" \/>\n<meta property=\"article:published_time\" content=\"2022-02-19T09:00:53+00:00\" \/>\n<meta property=\"article:modified_time\" content=\"2023-02-03T20:41:27+00:00\" \/>\n<meta property=\"og:image\" content=\"https:\/\/www.forevhair.com\/wp-content\/uploads\/2021\/03\/coda-di-cavallo-ponytail.jpg\" \/>\n\t<meta property=\"og:image:width\" content=\"1920\" \/>\n\t<meta property=\"og:image:height\" content=\"1080\" \/>\n\t<meta property=\"og:image:type\" content=\"image\/jpeg\" \/>\n<meta name=\"author\" content=\"forevhair\" \/>\n<meta name=\"twitter:card\" content=\"summary_large_image\" \/>\n<meta name=\"twitter:creator\" content=\"@forevhair\" \/>\n<meta name=\"twitter:site\" content=\"@forevhair\" \/>\n<meta name=\"twitter:label1\" content=\"Written by\" \/>\n\t<meta name=\"twitter:data1\" content=\"forevhair\" \/>\n\t<meta name=\"twitter:label2\" content=\"Estimated reading time\" \/>\n\t<meta name=\"twitter:data2\" content=\"2 minutes\" \/>\n<script type=\"application\/ld+json\" class=\"yoast-schema-graph\">{\"@context\":\"https:\\\/\\\/schema.org\",\"@graph\":[{\"@type\":\"Article\",\"@id\":\"https:\\\/\\\/www.forevhair.com\\\/blog\\\/come-si-indossa-la-coda-di-cavallo\\\/#article\",\"isPartOf\":{\"@id\":\"https:\\\/\\\/www.forevhair.com\\\/blog\\\/come-si-indossa-la-coda-di-cavallo\\\/\"},\"author\":{\"name\":\"forevhair\",\"@id\":\"https:\\\/\\\/www.forevhair.com\\\/#\\\/schema\\\/person\\\/b00d1e33eb65c2982ef61a25c7b66b50\"},\"headline\":\"EXTENSION CODA DI CAVALLO: COME SI METTE?\",\"datePublished\":\"2022-02-19T09:00:53+00:00\",\"dateModified\":\"2023-02-03T20:41:27+00:00\",\"mainEntityOfPage\":{\"@id\":\"https:\\\/\\\/www.forevhair.com\\\/blog\\\/come-si-indossa-la-coda-di-cavallo\\\/\"},\"wordCount\":176,\"commentCount\":3,\"publisher\":{\"@id\":\"https:\\\/\\\/www.forevhair.com\\\/#organization\"},\"image\":{\"@id\":\"https:\\\/\\\/www.forevhair.com\\\/blog\\\/come-si-indossa-la-coda-di-cavallo\\\/#primaryimage\"},\"thumbnailUrl\":\"https:\\\/\\\/www.forevhair.com\\\/wp-content\\\/uploads\\\/2021\\\/03\\\/coda-di-cavallo-ponytail.jpg\",\"articleSection\":[\"Blog\"],\"inLanguage\":\"en-GB\",\"potentialAction\":[{\"@type\":\"CommentAction\",\"name\":\"Comment\",\"target\":[\"https:\\\/\\\/www.forevhair.com\\\/blog\\\/come-si-indossa-la-coda-di-cavallo\\\/#respond\"]}]},{\"@type\":\"WebPage\",\"@id\":\"https:\\\/\\\/www.forevhair.com\\\/blog\\\/come-si-indossa-la-coda-di-cavallo\\\/\",\"url\":\"https:\\\/\\\/www.forevhair.com\\\/blog\\\/come-si-indossa-la-coda-di-cavallo\\\/\",\"name\":\"EXTENSION CODA DI CAVALLO: COME SI METTE? -\",\"isPartOf\":{\"@id\":\"https:\\\/\\\/www.forevhair.com\\\/#website\"},\"primaryImageOfPage\":{\"@id\":\"https:\\\/\\\/www.forevhair.com\\\/blog\\\/come-si-indossa-la-coda-di-cavallo\\\/#primaryimage\"},\"image\":{\"@id\":\"https:\\\/\\\/www.forevhair.com\\\/blog\\\/come-si-indossa-la-coda-di-cavallo\\\/#primaryimage\"},\"thumbnailUrl\":\"https:\\\/\\\/www.forevhair.com\\\/wp-content\\\/uploads\\\/2021\\\/03\\\/coda-di-cavallo-ponytail.jpg\",\"datePublished\":\"2022-02-19T09:00:53+00:00\",\"dateModified\":\"2023-02-03T20:41:27+00:00\",\"description\":\"La coda di cavallo extension \u00e8 il trend, la vogliono tutte! Ti sei mai chiesta come si mette? Guarda subito il nostro tutorial\",\"breadcrumb\":{\"@id\":\"https:\\\/\\\/www.forevhair.com\\\/blog\\\/come-si-indossa-la-coda-di-cavallo\\\/#breadcrumb\"},\"inLanguage\":\"en-GB\",\"potentialAction\":[{\"@type\":\"ReadAction\",\"target\":[\"https:\\\/\\\/www.forevhair.com\\\/blog\\\/come-si-indossa-la-coda-di-cavallo\\\/\"]}]},{\"@type\":\"ImageObject\",\"inLanguage\":\"en-GB\",\"@id\":\"https:\\\/\\\/www.forevhair.com\\\/blog\\\/come-si-indossa-la-coda-di-cavallo\\\/#primaryimage\",\"url\":\"https:\\\/\\\/www.forevhair.com\\\/wp-content\\\/uploads\\\/2021\\\/03\\\/coda-di-cavallo-ponytail.jpg\",\"contentUrl\":\"https:\\\/\\\/www.forevhair.com\\\/wp-content\\\/uploads\\\/2021\\\/03\\\/coda-di-cavallo-ponytail.jpg\",\"width\":1920,\"height\":1080},{\"@type\":\"BreadcrumbList\",\"@id\":\"https:\\\/\\\/www.forevhair.com\\\/blog\\\/come-si-indossa-la-coda-di-cavallo\\\/#breadcrumb\",\"itemListElement\":[{\"@type\":\"ListItem\",\"position\":1,\"name\":\"Home\",\"item\":\"https:\\\/\\\/www.forevhair.com\\\/\"},{\"@type\":\"ListItem\",\"position\":2,\"name\":\"EXTENSION CODA DI CAVALLO: COME SI METTE?\"}]},{\"@type\":\"WebSite\",\"@id\":\"https:\\\/\\\/www.forevhair.com\\\/#website\",\"url\":\"https:\\\/\\\/www.forevhair.com\\\/\",\"name\":\"Forevhair | Extension Capelli Veri\",\"description\":\"Extension Tessitura, Clip, Coda, Parrucche Capelli Veri, Frangia\",\"publisher\":{\"@id\":\"https:\\\/\\\/www.forevhair.com\\\/#organization\"},\"potentialAction\":[{\"@type\":\"SearchAction\",\"target\":{\"@type\":\"EntryPoint\",\"urlTemplate\":\"https:\\\/\\\/www.forevhair.com\\\/?s={search_term_string}\"},\"query-input\":{\"@type\":\"PropertyValueSpecification\",\"valueRequired\":true,\"valueName\":\"search_term_string\"}}],\"inLanguage\":\"en-GB\"},{\"@type\":\"Organization\",\"@id\":\"https:\\\/\\\/www.forevhair.com\\\/#organization\",\"name\":\"Forevhair\",\"url\":\"https:\\\/\\\/www.forevhair.com\\\/\",\"logo\":{\"@type\":\"ImageObject\",\"inLanguage\":\"en-GB\",\"@id\":\"https:\\\/\\\/www.forevhair.com\\\/#\\\/schema\\\/logo\\\/image\\\/\",\"url\":\"https:\\\/\\\/i0.wp.com\\\/www.forevhair.com\\\/wp-content\\\/uploads\\\/2021\\\/10\\\/cropped-WhatsApp-Image-2021-10-04-at-12.38.35-e1633343985336.jpeg?fit=512%2C512&ssl=1\",\"contentUrl\":\"https:\\\/\\\/i0.wp.com\\\/www.forevhair.com\\\/wp-content\\\/uploads\\\/2021\\\/10\\\/cropped-WhatsApp-Image-2021-10-04-at-12.38.35-e1633343985336.jpeg?fit=512%2C512&ssl=1\",\"width\":512,\"height\":512,\"caption\":\"Forevhair\"},\"image\":{\"@id\":\"https:\\\/\\\/www.forevhair.com\\\/#\\\/schema\\\/logo\\\/image\\\/\"},\"sameAs\":[\"https:\\\/\\\/www.facebook.com\\\/forevhair\\\/\",\"https:\\\/\\\/x.com\\\/forevhair\",\"https:\\\/\\\/www.instagram.com\\\/forevhair\"]},{\"@type\":\"Person\",\"@id\":\"https:\\\/\\\/www.forevhair.com\\\/#\\\/schema\\\/person\\\/b00d1e33eb65c2982ef61a25c7b66b50\",\"name\":\"forevhair\",\"image\":{\"@type\":\"ImageObject\",\"inLanguage\":\"en-GB\",\"@id\":\"https:\\\/\\\/secure.gravatar.com\\\/avatar\\\/458d4dacaa99a2500fbf28ff7c96c34a5e9339383c9bf3069a8e2701608435a9?s=96&d=blank&r=g\",\"url\":\"https:\\\/\\\/secure.gravatar.com\\\/avatar\\\/458d4dacaa99a2500fbf28ff7c96c34a5e9339383c9bf3069a8e2701608435a9?s=96&d=blank&r=g\",\"contentUrl\":\"https:\\\/\\\/secure.gravatar.com\\\/avatar\\\/458d4dacaa99a2500fbf28ff7c96c34a5e9339383c9bf3069a8e2701608435a9?s=96&d=blank&r=g\",\"caption\":\"forevhair\"},\"sameAs\":[\"http:\\\/\\\/www.forevhair.com\",\"https:\\\/\\\/www.facebook.com\\\/forevhair\",\"https:\\\/\\\/instagram.com\\\/forevhair\",\"https:\\\/\\\/www.youtube.com\\\/channel\\\/UC6k0bP9MMVZhJYzPiRqpkRA\\\/featured\"],\"url\":\"https:\\\/\\\/www.forevhair.com\\\/en\\\/blog\\\/author\\\/didijudith\\\/\"}]}<\/script>\n<!-- \/ Yoast SEO plugin. -->","yoast_head_json":{"title":"EXTENSION CODA DI CAVALLO: COME SI METTE? -","description":"La coda di cavallo extension \u00e8 il trend, la vogliono tutte! Ti sei mai chiesta come si mette? Guarda subito il nostro tutorial","robots":{"index":"index","follow":"follow","max-snippet":"max-snippet:-1","max-image-preview":"max-image-preview:large","max-video-preview":"max-video-preview:-1"},"canonical":"https:\/\/www.forevhair.com\/en\/blog\/come-si-indossa-la-coda-di-cavallo\/","og_locale":"en_GB","og_type":"article","og_title":"EXTENSION CODA DI CAVALLO: COME SI METTE? -","og_description":"La coda di cavallo extension \u00e8 il trend, la vogliono tutte! Ti sei mai chiesta come si mette? Guarda subito il nostro tutorial","og_url":"https:\/\/www.forevhair.com\/en\/blog\/come-si-indossa-la-coda-di-cavallo\/","og_site_name":"Forevhair | Extension Capelli Veri","article_publisher":"https:\/\/www.facebook.com\/forevhair\/","article_author":"https:\/\/www.facebook.com\/forevhair","article_published_time":"2022-02-19T09:00:53+00:00","article_modified_time":"2023-02-03T20:41:27+00:00","og_image":[{"width":1920,"height":1080,"url":"https:\/\/www.forevhair.com\/wp-content\/uploads\/2021\/03\/coda-di-cavallo-ponytail.jpg","type":"image\/jpeg"}],"author":"forevhair","twitter_card":"summary_large_image","twitter_creator":"@forevhair","twitter_site":"@forevhair","twitter_misc":{"Written by":"forevhair","Estimated reading time":"2 minutes"},"schema":{"@context":"https:\/\/schema.org","@graph":[{"@type":"Article","@id":"https:\/\/www.forevhair.com\/blog\/come-si-indossa-la-coda-di-cavallo\/#article","isPartOf":{"@id":"https:\/\/www.forevhair.com\/blog\/come-si-indossa-la-coda-di-cavallo\/"},"author":{"name":"forevhair","@id":"https:\/\/www.forevhair.com\/#\/schema\/person\/b00d1e33eb65c2982ef61a25c7b66b50"},"headline":"EXTENSION CODA DI CAVALLO: COME SI METTE?","datePublished":"2022-02-19T09:00:53+00:00","dateModified":"2023-02-03T20:41:27+00:00","mainEntityOfPage":{"@id":"https:\/\/www.forevhair.com\/blog\/come-si-indossa-la-coda-di-cavallo\/"},"wordCount":176,"commentCount":3,"publisher":{"@id":"https:\/\/www.forevhair.com\/#organization"},"image":{"@id":"https:\/\/www.forevhair.com\/blog\/come-si-indossa-la-coda-di-cavallo\/#primaryimage"},"thumbnailUrl":"https:\/\/www.forevhair.com\/wp-content\/uploads\/2021\/03\/coda-di-cavallo-ponytail.jpg","articleSection":["Blog"],"inLanguage":"en-GB","potentialAction":[{"@type":"CommentAction","name":"Comment","target":["https:\/\/www.forevhair.com\/blog\/come-si-indossa-la-coda-di-cavallo\/#respond"]}]},{"@type":"WebPage","@id":"https:\/\/www.forevhair.com\/blog\/come-si-indossa-la-coda-di-cavallo\/","url":"https:\/\/www.forevhair.com\/blog\/come-si-indossa-la-coda-di-cavallo\/","name":"EXTENSION CODA DI CAVALLO: COME SI METTE? -","isPartOf":{"@id":"https:\/\/www.forevhair.com\/#website"},"primaryImageOfPage":{"@id":"https:\/\/www.forevhair.com\/blog\/come-si-indossa-la-coda-di-cavallo\/#primaryimage"},"image":{"@id":"https:\/\/www.forevhair.com\/blog\/come-si-indossa-la-coda-di-cavallo\/#primaryimage"},"thumbnailUrl":"https:\/\/www.forevhair.com\/wp-content\/uploads\/2021\/03\/coda-di-cavallo-ponytail.jpg","datePublished":"2022-02-19T09:00:53+00:00","dateModified":"2023-02-03T20:41:27+00:00","description":"La coda di cavallo extension \u00e8 il trend, la vogliono tutte! Ti sei mai chiesta come si mette? Guarda subito il nostro tutorial","breadcrumb":{"@id":"https:\/\/www.forevhair.com\/blog\/come-si-indossa-la-coda-di-cavallo\/#breadcrumb"},"inLanguage":"en-GB","potentialAction":[{"@type":"ReadAction","target":["https:\/\/www.forevhair.com\/blog\/come-si-indossa-la-coda-di-cavallo\/"]}]},{"@type":"ImageObject","inLanguage":"en-GB","@id":"https:\/\/www.forevhair.com\/blog\/come-si-indossa-la-coda-di-cavallo\/#primaryimage","url":"https:\/\/www.forevhair.com\/wp-content\/uploads\/2021\/03\/coda-di-cavallo-ponytail.jpg","contentUrl":"https:\/\/www.forevhair.com\/wp-content\/uploads\/2021\/03\/coda-di-cavallo-ponytail.jpg","width":1920,"height":1080},{"@type":"BreadcrumbList","@id":"https:\/\/www.forevhair.com\/blog\/come-si-indossa-la-coda-di-cavallo\/#breadcrumb","itemListElement":[{"@type":"ListItem","position":1,"name":"Home","item":"https:\/\/www.forevhair.com\/"},{"@type":"ListItem","position":2,"name":"EXTENSION CODA DI CAVALLO: COME SI METTE?"}]},{"@type":"WebSite","@id":"https:\/\/www.forevhair.com\/#website","url":"https:\/\/www.forevhair.com\/","name":"Forevhair | Extension Capelli Veri","description":"Extension Tessitura, Clip, Coda, Parrucche Capelli Veri, Frangia","publisher":{"@id":"https:\/\/www.forevhair.com\/#organization"},"potentialAction":[{"@type":"SearchAction","target":{"@type":"EntryPoint","urlTemplate":"https:\/\/www.forevhair.com\/?s={search_term_string}"},"query-input":{"@type":"PropertyValueSpecification","valueRequired":true,"valueName":"search_term_string"}}],"inLanguage":"en-GB"},{"@type":"Organization","@id":"https:\/\/www.forevhair.com\/#organization","name":"Forevhair","url":"https:\/\/www.forevhair.com\/","logo":{"@type":"ImageObject","inLanguage":"en-GB","@id":"https:\/\/www.forevhair.com\/#\/schema\/logo\/image\/","url":"https:\/\/i0.wp.com\/www.forevhair.com\/wp-content\/uploads\/2021\/10\/cropped-WhatsApp-Image-2021-10-04-at-12.38.35-e1633343985336.jpeg?fit=512%2C512&ssl=1","contentUrl":"https:\/\/i0.wp.com\/www.forevhair.com\/wp-content\/uploads\/2021\/10\/cropped-WhatsApp-Image-2021-10-04-at-12.38.35-e1633343985336.jpeg?fit=512%2C512&ssl=1","width":512,"height":512,"caption":"Forevhair"},"image":{"@id":"https:\/\/www.forevhair.com\/#\/schema\/logo\/image\/"},"sameAs":["https:\/\/www.facebook.com\/forevhair\/","https:\/\/x.com\/forevhair","https:\/\/www.instagram.com\/forevhair"]},{"@type":"Person","@id":"https:\/\/www.forevhair.com\/#\/schema\/person\/b00d1e33eb65c2982ef61a25c7b66b50","name":"forevhair","image":{"@type":"ImageObject","inLanguage":"en-GB","@id":"https:\/\/secure.gravatar.com\/avatar\/458d4dacaa99a2500fbf28ff7c96c34a5e9339383c9bf3069a8e2701608435a9?s=96&d=blank&r=g","url":"https:\/\/secure.gravatar.com\/avatar\/458d4dacaa99a2500fbf28ff7c96c34a5e9339383c9bf3069a8e2701608435a9?s=96&d=blank&r=g","contentUrl":"https:\/\/secure.gravatar.com\/avatar\/458d4dacaa99a2500fbf28ff7c96c34a5e9339383c9bf3069a8e2701608435a9?s=96&d=blank&r=g","caption":"forevhair"},"sameAs":["http:\/\/www.forevhair.com","https:\/\/www.facebook.com\/forevhair","https:\/\/instagram.com\/forevhair","https:\/\/www.youtube.com\/channel\/UC6k0bP9MMVZhJYzPiRqpkRA\/featured"],"url":"https:\/\/www.forevhair.com\/en\/blog\/author\/didijudith\/"}]}},"jetpack_sharing_enabled":true,"jetpack_featured_media_url":"https:\/\/www.forevhair.com\/wp-content\/uploads\/2021\/03\/coda-di-cavallo-ponytail.jpg","_links":{"self":[{"href":"https:\/\/www.forevhair.com\/en\/wp-json\/wp\/v2\/posts\/5659","targetHints":{"allow":["GET"]}}],"collection":[{"href":"https:\/\/www.forevhair.com\/en\/wp-json\/wp\/v2\/posts"}],"about":[{"href":"https:\/\/www.forevhair.com\/en\/wp-json\/wp\/v2\/types\/post"}],"author":[{"embeddable":true,"href":"https:\/\/www.forevhair.com\/en\/wp-json\/wp\/v2\/users\/1"}],"replies":[{"embeddable":true,"href":"https:\/\/www.forevhair.com\/en\/wp-json\/wp\/v2\/comments?post=5659"}],"version-history":[{"count":0,"href":"https:\/\/www.forevhair.com\/en\/wp-json\/wp\/v2\/posts\/5659\/revisions"}],"wp:featuredmedia":[{"embeddable":true,"href":"https:\/\/www.forevhair.com\/en\/wp-json\/wp\/v2\/media\/8523"}],"wp:attachment":[{"href":"https:\/\/www.forevhair.com\/en\/wp-json\/wp\/v2\/media?parent=5659"}],"wp:term":[{"taxonomy":"category","embeddable":true,"href":"https:\/\/www.forevhair.com\/en\/wp-json\/wp\/v2\/categories?post=5659"},{"taxonomy":"post_tag","embeddable":true,"href":"https:\/\/www.forevhair.com\/en\/wp-json\/wp\/v2\/tags?post=5659"}],"curies":[{"name":"wp","href":"https:\/\/api.w.org\/{rel}","templated":true}]}}